{"id":21679,"date":"2022-12-14T14:54:00","date_gmt":"2022-12-14T13:54:00","guid":{"rendered":"https:\/\/www.teoresigroup.com\/?p=21679"},"modified":"2022-12-14T14:54:01","modified_gmt":"2022-12-14T13:54:01","slug":"mondial-de-lauto-di-parigi-cosa-ci-portiamo-a-casa-i-4-punti-di-vista-di-chi-cera","status":"publish","type":"post","link":"https:\/\/www.teoresigroup.com\/it\/news\/mondial-de-lauto-di-parigi-cosa-ci-portiamo-a-casa-i-4-punti-di-vista-di-chi-cera\/","title":{"rendered":"Mondial de l\u2019Auto di Parigi: cosa ci portiamo a casa? I 4 punti di vista di chi c\u2019era"},"content":{"rendered":"\n<div class=\"wp-block-columns row align-center row sezione\">\n<div class=\"wp-block-column column small-12 medium-10 large-8\">\n<p>\u00c8 arrivato il momento di tirare le somme e raccogliere i feedback direttamente da chi ha vissuto in prima persona il <strong><a href=\"https:\/\/mondial.paris\/\" target=\"_blank\" rel=\"noreferrer noopener\">Mondial de l\u2019Auto<\/a><\/strong> che si \u00e8 svolto a Parigi nel mese di ottobre.&nbsp;<\/p>\n\n\n\n<p>Teoresi ha partecipato all\u2019evento al fianco di XEV, con una visione condivisa mirata all\u2019innovazione sostenibile della smart mobility. Star dell\u2019evento \u00e8 stata la YOYO Autonomy, il <a href=\"https:\/\/www.teoresigroup.com\/it\/insight\/xev-autonomous-vehicle-story\/\" target=\"_blank\" rel=\"noreferrer noopener\">prototipo di city car elettrica a guida autonoma e con battery swapping<\/a>, per la mobilit\u00e0 urbana del futuro, connessa e condivisa.&nbsp;<\/p>\n\n\n\n<p>Dopo 777 km per trasportare la YOYO a Parigi (e altrettanti per riportarla a Torino!), un tuffo tra pi\u00f9 di&nbsp;100&nbsp;espositori, l\u2019alternanza di otto colleghi nella gestione dello stand e innumerevoli visitatori interessati alle nostre tecnologie, ecco alcune delle testimonianze dei presenti:&nbsp;<\/p>\n\n\n\n<p><a href=\"https:\/\/www.linkedin.com\/in\/valeria-proietti-dante-9184221b5\/\" target=\"_blank\" rel=\"noreferrer noopener\">Valeria Proietti Dante<\/a> <strong>\u2013 Computer Vision Research Engineer<\/strong>&nbsp;<\/p>\n\n\n\n<p>\u201cUn\u2019esperienza intensa sia dal punto di vista tecnico sia nell\u2019ottica dei progetti futuri: \u00e8 stata una soddisfazione vedere il risultato di un lavoro durato mesi per allestire un prototipo di auto che si muove &nbsp;autonomamente studiando l\u2019ambiente circostante ed evitando ostacoli, prepararlo, portarlo all\u2019evento e constatare il fervido interesse dei visitatori verso le nostre tecnologie; \u00e8 stata inoltre un\u2019occasione per immergersi in un contesto fortemente specializzato sull\u2019automotive, prendere spunto e iniziare a ragionare a nuove idee e nuovi progetti.\u201d<\/p>\n\n\n\n<p><a href=\"https:\/\/www.linkedin.com\/in\/fabio-gadda-8a8896166\/\" target=\"_blank\" rel=\"noreferrer noopener\">Fabio Gadda<\/a> \u2013 <strong>Strategic Marketing\u202fand Business Intelligence expert<\/strong>&nbsp;<\/p>\n\n\n\n<p>\u201cTra i diversi player presenti al Salone, tra cui car maker provenienti prevalentemente dal sud-est asiatico, fornitori di servizi per la mobilit\u00e0 urbana e nostri competitor, \u00e8 interessante costatare il nostro posizionamento tra le pochissime realt\u00e0 europee a portare la guida autonoma: un\u2019ulteriore conferma dei risultati di Teoresi sul fronte dell\u2019innovazione e della nostra attitudine ad affrontare le sfide del mercato.\u201d<\/p>\n\n\n\n<p><a href=\"https:\/\/www.linkedin.com\/in\/marcobazzani\/\" target=\"_blank\" rel=\"noreferrer noopener\">Marco Bazzani<\/a> \u2013 <strong>Innovation Manager<\/strong>&nbsp;<\/p>\n\n\n\n<p>\u201cQuesta esperienza ci ha confermato che molte realt\u00e0, tra case automobilistiche, produttori di componenti e fornitori di servizi in tutto il mondo, sono interessate a espandere il proprio business introducendo la guida autonoma o alcune funzionalit\u00e0 basate su tecnologie o sensori specifici e l\u2019impiego dell&#8217;intelligenza artificiale, sia per trasmettere alle aziende partner le conoscenze acquisite in ottica di nuovi prodotti da immettere sul mercato, sia per applicare paradigmi di open innovation all&#8217;interno di nuovi ecosistemi di innovazione. Tutto questo ci permette di cominciare a pensare concretamente alla possibilit\u00e0 di integrare queste tecnologie con le infrastrutture e di aprirci a ulteriori scenari per la mobilit\u00e0 autonoma, studiando soluzioni per porti e stabilimenti produttivi.\u201d<\/p>\n\n\n\n<p><a href=\"https:\/\/www.linkedin.com\/in\/rosa-maria-molteni-7858a4\/\" target=\"_blank\" rel=\"noreferrer noopener\">Rosa Maria Molteni<\/a> \u2013 <strong>Strategic Business Development Global Markets<\/strong>&nbsp;<\/p>\n\n\n\n<p>\u201cAver partecipato al Mondial al fianco di XEV \u00e8 stata un\u2019occasione di posizionamento aziendale, ma non solo: l\u2019industria automobilistica \u00e8 sempre pi\u00f9 votata all\u2019innovazione sostenibile, in accordo con un quadro normativo sovrannazionale, e la partecipazione di Teoresi ne conferma la capacit\u00e0 di trasferire valore e competenza ai principali player di settore. Siamo sempre pi\u00f9 riconosciuti come partner autorevoli e affidabili, grazie al valore delle nostre persone e tecnologie; il Mondial con la sua rilevanza internazionale ha giocato un ruolo cruciale nel consolidare visibilit\u00e0 e reputazione, e insieme apprendere dal mercato nuovi modi per affrontare le sfide di business.\u201d<\/p>\n\n\n\n<p>Ci vediamo alla prossima edizione, nel frattempo <a href=\"https:\/\/www.teoresigroup.com\/it\/insight\/xev-autonomous-vehicle-story\/xev-paris-motorshow2022\/\" target=\"_blank\" rel=\"noreferrer noopener\">rivivi l\u2019esperienza<\/a> del nostro salone!&nbsp;<\/p>\n<\/div>\n<\/div>\n","protected":false},"excerpt":{"rendered":"<p class=\"excerpt\">\u00c8 arrivato il momento di tirare le somme e raccogliere i feedback direttamente da chi ha vissuto in prima persona il Mondial de l\u2019Auto che si \u00e8 svolto a Parigi nel mese di ottobre.&nbsp; Teoresi ha partecipato all\u2019evento al fianco di XEV, con una visione condivisa mirata all\u2019innovazione sostenibile della smart mobility. Star dell\u2019evento \u00e8 stata la YOYO Autonomy, il&#8230;<\/p>\n","protected":false},"author":8,"featured_media":21683,"comment_status":"open","ping_status":"open","sticky":false,"template":"","format":"standard","meta":{"_acf_changed":false,"footnotes":""},"categories":[13],"tags":[],"class_list":["post-21679","post","type-post","status-publish","format-standard","has-post-thumbnail","hentry","category-corporate"],"yoast_head":"<!-- This site is optimized with the Yoast SEO plugin v27.5 - https:\/\/yoast.com\/product\/yoast-seo-wordpress\/ -->\n<title>Mondial de l\u2019Auto di Parigi: cosa ci portiamo a casa? I 4 punti di vista di chi c\u2019era - Teoresi Group<\/title>\n<meta name=\"description\" content=\"Discover all you need to know about Mondial de l\u2019Auto di Parigi: cosa ci portiamo a casa? I 4 punti di vista di chi c\u2019era on Teoresi Group - Teoresi Group is high profile engineering. It offers an innovative approach in close synergy with the Research and Development departments of the main industrial players.\" \/>\n<meta name=\"robots\" content=\"index, follow, max-snippet:-1, max-image-preview:large, max-video-preview:-1\" \/>\n<link rel=\"canonical\" href=\"https:\/\/www.teoresigroup.com\/it\/news\/mondial-de-lauto-di-parigi-cosa-ci-portiamo-a-casa-i-4-punti-di-vista-di-chi-cera\/\" \/>\n<meta property=\"og:locale\" content=\"it_IT\" \/>\n<meta property=\"og:type\" content=\"article\" \/>\n<meta property=\"og:title\" content=\"Mondial de l\u2019Auto di Parigi: cosa ci portiamo a casa? I 4 punti di vista di chi c\u2019era - Teoresi Group\" \/>\n<meta property=\"og:description\" content=\"Discover all you need to know about Mondial de l\u2019Auto di Parigi: cosa ci portiamo a casa? I 4 punti di vista di chi c\u2019era on Teoresi Group - Teoresi Group is high profile engineering. It offers an innovative approach in close synergy with the Research and Development departments of the main industrial players.\" \/>\n<meta property=\"og:url\" content=\"https:\/\/www.teoresigroup.com\/it\/news\/mondial-de-lauto-di-parigi-cosa-ci-portiamo-a-casa-i-4-punti-di-vista-di-chi-cera\/\" \/>\n<meta property=\"og:site_name\" content=\"Teoresi Group\" \/>\n<meta property=\"article:publisher\" content=\"https:\/\/www.facebook.com\/pages\/Gruppo-Teoresi\/118393464917205\" \/>\n<meta property=\"article:published_time\" content=\"2022-12-14T13:54:00+00:00\" \/>\n<meta property=\"article:modified_time\" content=\"2022-12-14T13:54:01+00:00\" \/>\n<meta property=\"og:image\" content=\"https:\/\/www.teoresigroup.com\/wp-content\/uploads\/2022\/12\/news-img-mondial-pov.png\" \/>\n\t<meta property=\"og:image:width\" content=\"1009\" \/>\n\t<meta property=\"og:image:height\" content=\"757\" \/>\n\t<meta property=\"og:image:type\" content=\"image\/png\" \/>\n<meta name=\"author\" content=\"Lucia Bergero\" \/>\n<meta name=\"twitter:card\" content=\"summary_large_image\" \/>\n<meta name=\"twitter:label1\" content=\"Scritto da\" \/>\n\t<meta name=\"twitter:data1\" content=\"Lucia Bergero\" \/>\n<script type=\"application\/ld+json\" class=\"yoast-schema-graph\">{\"@context\":\"https:\\\/\\\/schema.org\",\"@graph\":[{\"@type\":\"Article\",\"@id\":\"https:\\\/\\\/www.teoresigroup.com\\\/it\\\/news\\\/mondial-de-lauto-di-parigi-cosa-ci-portiamo-a-casa-i-4-punti-di-vista-di-chi-cera\\\/#article\",\"isPartOf\":{\"@id\":\"https:\\\/\\\/www.teoresigroup.com\\\/it\\\/news\\\/mondial-de-lauto-di-parigi-cosa-ci-portiamo-a-casa-i-4-punti-di-vista-di-chi-cera\\\/\"},\"author\":{\"name\":\"Lucia Bergero\",\"@id\":\"https:\\\/\\\/www.teoresigroup.com\\\/it\\\/#\\\/schema\\\/person\\\/d02e84d91474d973810e724750035347\"},\"headline\":\"Mondial de l\u2019Auto di Parigi: cosa ci portiamo a casa? I 4 punti di vista di chi c\u2019era\",\"datePublished\":\"2022-12-14T13:54:00+00:00\",\"dateModified\":\"2022-12-14T13:54:01+00:00\",\"mainEntityOfPage\":{\"@id\":\"https:\\\/\\\/www.teoresigroup.com\\\/it\\\/news\\\/mondial-de-lauto-di-parigi-cosa-ci-portiamo-a-casa-i-4-punti-di-vista-di-chi-cera\\\/\"},\"wordCount\":553,\"commentCount\":0,\"publisher\":{\"@id\":\"https:\\\/\\\/www.teoresigroup.com\\\/it\\\/#organization\"},\"image\":{\"@id\":\"https:\\\/\\\/www.teoresigroup.com\\\/it\\\/news\\\/mondial-de-lauto-di-parigi-cosa-ci-portiamo-a-casa-i-4-punti-di-vista-di-chi-cera\\\/#primaryimage\"},\"thumbnailUrl\":\"https:\\\/\\\/www.teoresigroup.com\\\/wp-content\\\/uploads\\\/2022\\\/12\\\/news-img-mondial-pov.png\",\"articleSection\":[\"Corporate\"],\"inLanguage\":\"it-IT\",\"potentialAction\":[{\"@type\":\"CommentAction\",\"name\":\"Comment\",\"target\":[\"https:\\\/\\\/www.teoresigroup.com\\\/it\\\/news\\\/mondial-de-lauto-di-parigi-cosa-ci-portiamo-a-casa-i-4-punti-di-vista-di-chi-cera\\\/#respond\"]}]},{\"@type\":\"WebPage\",\"@id\":\"https:\\\/\\\/www.teoresigroup.com\\\/it\\\/news\\\/mondial-de-lauto-di-parigi-cosa-ci-portiamo-a-casa-i-4-punti-di-vista-di-chi-cera\\\/\",\"url\":\"https:\\\/\\\/www.teoresigroup.com\\\/it\\\/news\\\/mondial-de-lauto-di-parigi-cosa-ci-portiamo-a-casa-i-4-punti-di-vista-di-chi-cera\\\/\",\"name\":\"Mondial de l\u2019Auto di Parigi: cosa ci portiamo a casa? I 4 punti di vista di chi c\u2019era - Teoresi Group\",\"isPartOf\":{\"@id\":\"https:\\\/\\\/www.teoresigroup.com\\\/it\\\/#website\"},\"primaryImageOfPage\":{\"@id\":\"https:\\\/\\\/www.teoresigroup.com\\\/it\\\/news\\\/mondial-de-lauto-di-parigi-cosa-ci-portiamo-a-casa-i-4-punti-di-vista-di-chi-cera\\\/#primaryimage\"},\"image\":{\"@id\":\"https:\\\/\\\/www.teoresigroup.com\\\/it\\\/news\\\/mondial-de-lauto-di-parigi-cosa-ci-portiamo-a-casa-i-4-punti-di-vista-di-chi-cera\\\/#primaryimage\"},\"thumbnailUrl\":\"https:\\\/\\\/www.teoresigroup.com\\\/wp-content\\\/uploads\\\/2022\\\/12\\\/news-img-mondial-pov.png\",\"datePublished\":\"2022-12-14T13:54:00+00:00\",\"dateModified\":\"2022-12-14T13:54:01+00:00\",\"description\":\"Discover all you need to know about Mondial de l\u2019Auto di Parigi: cosa ci portiamo a casa? I 4 punti di vista di chi c\u2019era on Teoresi Group - Teoresi Group is high profile engineering. It offers an innovative approach in close synergy with the Research and Development departments of the main industrial players.\",\"breadcrumb\":{\"@id\":\"https:\\\/\\\/www.teoresigroup.com\\\/it\\\/news\\\/mondial-de-lauto-di-parigi-cosa-ci-portiamo-a-casa-i-4-punti-di-vista-di-chi-cera\\\/#breadcrumb\"},\"inLanguage\":\"it-IT\",\"potentialAction\":[{\"@type\":\"ReadAction\",\"target\":[\"https:\\\/\\\/www.teoresigroup.com\\\/it\\\/news\\\/mondial-de-lauto-di-parigi-cosa-ci-portiamo-a-casa-i-4-punti-di-vista-di-chi-cera\\\/\"]}]},{\"@type\":\"ImageObject\",\"inLanguage\":\"it-IT\",\"@id\":\"https:\\\/\\\/www.teoresigroup.com\\\/it\\\/news\\\/mondial-de-lauto-di-parigi-cosa-ci-portiamo-a-casa-i-4-punti-di-vista-di-chi-cera\\\/#primaryimage\",\"url\":\"https:\\\/\\\/www.teoresigroup.com\\\/wp-content\\\/uploads\\\/2022\\\/12\\\/news-img-mondial-pov.png\",\"contentUrl\":\"https:\\\/\\\/www.teoresigroup.com\\\/wp-content\\\/uploads\\\/2022\\\/12\\\/news-img-mondial-pov.png\",\"width\":1009,\"height\":757,\"caption\":\"Il Mondial de l\u2019Auto di Parigi racconta il futuro della mobilit\u00e0 attraverso design e innovazione\"},{\"@type\":\"BreadcrumbList\",\"@id\":\"https:\\\/\\\/www.teoresigroup.com\\\/it\\\/news\\\/mondial-de-lauto-di-parigi-cosa-ci-portiamo-a-casa-i-4-punti-di-vista-di-chi-cera\\\/#breadcrumb\",\"itemListElement\":[{\"@type\":\"ListItem\",\"position\":1,\"name\":\"\",\"item\":\"https:\\\/\\\/www.teoresigroup.com\\\/it\\\/\"},{\"@type\":\"ListItem\",\"position\":2,\"name\":\"Mondial de l\u2019Auto di Parigi: cosa ci portiamo a casa? I 4 punti di vista di chi c\u2019era\"}]},{\"@type\":\"WebSite\",\"@id\":\"https:\\\/\\\/www.teoresigroup.com\\\/it\\\/#website\",\"url\":\"https:\\\/\\\/www.teoresigroup.com\\\/it\\\/\",\"name\":\"Teoresi Group\",\"description\":\"Engineering for Human life.\",\"publisher\":{\"@id\":\"https:\\\/\\\/www.teoresigroup.com\\\/it\\\/#organization\"},\"potentialAction\":[{\"@type\":\"SearchAction\",\"target\":{\"@type\":\"EntryPoint\",\"urlTemplate\":\"https:\\\/\\\/www.teoresigroup.com\\\/it\\\/?s={search_term_string}\"},\"query-input\":{\"@type\":\"PropertyValueSpecification\",\"valueRequired\":true,\"valueName\":\"search_term_string\"}}],\"inLanguage\":\"it-IT\"},{\"@type\":\"Organization\",\"@id\":\"https:\\\/\\\/www.teoresigroup.com\\\/it\\\/#organization\",\"name\":\"Teoresi Group\",\"url\":\"https:\\\/\\\/www.teoresigroup.com\\\/it\\\/\",\"logo\":{\"@type\":\"ImageObject\",\"inLanguage\":\"it-IT\",\"@id\":\"https:\\\/\\\/www.teoresigroup.com\\\/it\\\/#\\\/schema\\\/logo\\\/image\\\/\",\"url\":\"https:\\\/\\\/www.teoresigroup.com\\\/wp-content\\\/uploads\\\/2020\\\/12\\\/teoresi-logo-color.svg\",\"contentUrl\":\"https:\\\/\\\/www.teoresigroup.com\\\/wp-content\\\/uploads\\\/2020\\\/12\\\/teoresi-logo-color.svg\",\"width\":1,\"height\":1,\"caption\":\"Teoresi Group\"},\"image\":{\"@id\":\"https:\\\/\\\/www.teoresigroup.com\\\/it\\\/#\\\/schema\\\/logo\\\/image\\\/\"},\"sameAs\":[\"https:\\\/\\\/www.facebook.com\\\/pages\\\/Gruppo-Teoresi\\\/118393464917205\",\"https:\\\/\\\/www.instagram.com\\\/teoresigroup\\\/\",\"https:\\\/\\\/www.linkedin.com\\\/company\\\/teoresigroup\\\/\",\"https:\\\/\\\/www.youtube.com\\\/channel\\\/UCNdBBSSax2EWPmFk5QzYP8Q\"]},{\"@type\":\"Person\",\"@id\":\"https:\\\/\\\/www.teoresigroup.com\\\/it\\\/#\\\/schema\\\/person\\\/d02e84d91474d973810e724750035347\",\"name\":\"Lucia Bergero\",\"image\":{\"@type\":\"ImageObject\",\"inLanguage\":\"it-IT\",\"@id\":\"https:\\\/\\\/secure.gravatar.com\\\/avatar\\\/ac9dd5e9133ed5b085bce7c40fae62a8ce4925143d362691daef14ca71e6191f?s=96&d=mm&r=g\",\"url\":\"https:\\\/\\\/secure.gravatar.com\\\/avatar\\\/ac9dd5e9133ed5b085bce7c40fae62a8ce4925143d362691daef14ca71e6191f?s=96&d=mm&r=g\",\"contentUrl\":\"https:\\\/\\\/secure.gravatar.com\\\/avatar\\\/ac9dd5e9133ed5b085bce7c40fae62a8ce4925143d362691daef14ca71e6191f?s=96&d=mm&r=g\",\"caption\":\"Lucia Bergero\"},\"sameAs\":[\"http:\\\/\\\/www.teoresigroup.com\"]}]}<\/script>\n<!-- \/ Yoast SEO plugin. -->","yoast_head_json":{"title":"Mondial de l\u2019Auto di Parigi: cosa ci portiamo a casa? I 4 punti di vista di chi c\u2019era - Teoresi Group","description":"Discover all you need to know about Mondial de l\u2019Auto di Parigi: cosa ci portiamo a casa? I 4 punti di vista di chi c\u2019era on Teoresi Group - Teoresi Group is high profile engineering. It offers an innovative approach in close synergy with the Research and Development departments of the main industrial players.","robots":{"index":"index","follow":"follow","max-snippet":"max-snippet:-1","max-image-preview":"max-image-preview:large","max-video-preview":"max-video-preview:-1"},"canonical":"https:\/\/www.teoresigroup.com\/it\/news\/mondial-de-lauto-di-parigi-cosa-ci-portiamo-a-casa-i-4-punti-di-vista-di-chi-cera\/","og_locale":"it_IT","og_type":"article","og_title":"Mondial de l\u2019Auto di Parigi: cosa ci portiamo a casa? I 4 punti di vista di chi c\u2019era - Teoresi Group","og_description":"Discover all you need to know about Mondial de l\u2019Auto di Parigi: cosa ci portiamo a casa? I 4 punti di vista di chi c\u2019era on Teoresi Group - Teoresi Group is high profile engineering. It offers an innovative approach in close synergy with the Research and Development departments of the main industrial players.","og_url":"https:\/\/www.teoresigroup.com\/it\/news\/mondial-de-lauto-di-parigi-cosa-ci-portiamo-a-casa-i-4-punti-di-vista-di-chi-cera\/","og_site_name":"Teoresi Group","article_publisher":"https:\/\/www.facebook.com\/pages\/Gruppo-Teoresi\/118393464917205","article_published_time":"2022-12-14T13:54:00+00:00","article_modified_time":"2022-12-14T13:54:01+00:00","og_image":[{"width":1009,"height":757,"url":"https:\/\/www.teoresigroup.com\/wp-content\/uploads\/2022\/12\/news-img-mondial-pov.png","type":"image\/png"}],"author":"Lucia Bergero","twitter_card":"summary_large_image","twitter_misc":{"Scritto da":"Lucia Bergero"},"schema":{"@context":"https:\/\/schema.org","@graph":[{"@type":"Article","@id":"https:\/\/www.teoresigroup.com\/it\/news\/mondial-de-lauto-di-parigi-cosa-ci-portiamo-a-casa-i-4-punti-di-vista-di-chi-cera\/#article","isPartOf":{"@id":"https:\/\/www.teoresigroup.com\/it\/news\/mondial-de-lauto-di-parigi-cosa-ci-portiamo-a-casa-i-4-punti-di-vista-di-chi-cera\/"},"author":{"name":"Lucia Bergero","@id":"https:\/\/www.teoresigroup.com\/it\/#\/schema\/person\/d02e84d91474d973810e724750035347"},"headline":"Mondial de l\u2019Auto di Parigi: cosa ci portiamo a casa? I 4 punti di vista di chi c\u2019era","datePublished":"2022-12-14T13:54:00+00:00","dateModified":"2022-12-14T13:54:01+00:00","mainEntityOfPage":{"@id":"https:\/\/www.teoresigroup.com\/it\/news\/mondial-de-lauto-di-parigi-cosa-ci-portiamo-a-casa-i-4-punti-di-vista-di-chi-cera\/"},"wordCount":553,"commentCount":0,"publisher":{"@id":"https:\/\/www.teoresigroup.com\/it\/#organization"},"image":{"@id":"https:\/\/www.teoresigroup.com\/it\/news\/mondial-de-lauto-di-parigi-cosa-ci-portiamo-a-casa-i-4-punti-di-vista-di-chi-cera\/#primaryimage"},"thumbnailUrl":"https:\/\/www.teoresigroup.com\/wp-content\/uploads\/2022\/12\/news-img-mondial-pov.png","articleSection":["Corporate"],"inLanguage":"it-IT","potentialAction":[{"@type":"CommentAction","name":"Comment","target":["https:\/\/www.teoresigroup.com\/it\/news\/mondial-de-lauto-di-parigi-cosa-ci-portiamo-a-casa-i-4-punti-di-vista-di-chi-cera\/#respond"]}]},{"@type":"WebPage","@id":"https:\/\/www.teoresigroup.com\/it\/news\/mondial-de-lauto-di-parigi-cosa-ci-portiamo-a-casa-i-4-punti-di-vista-di-chi-cera\/","url":"https:\/\/www.teoresigroup.com\/it\/news\/mondial-de-lauto-di-parigi-cosa-ci-portiamo-a-casa-i-4-punti-di-vista-di-chi-cera\/","name":"Mondial de l\u2019Auto di Parigi: cosa ci portiamo a casa? I 4 punti di vista di chi c\u2019era - Teoresi Group","isPartOf":{"@id":"https:\/\/www.teoresigroup.com\/it\/#website"},"primaryImageOfPage":{"@id":"https:\/\/www.teoresigroup.com\/it\/news\/mondial-de-lauto-di-parigi-cosa-ci-portiamo-a-casa-i-4-punti-di-vista-di-chi-cera\/#primaryimage"},"image":{"@id":"https:\/\/www.teoresigroup.com\/it\/news\/mondial-de-lauto-di-parigi-cosa-ci-portiamo-a-casa-i-4-punti-di-vista-di-chi-cera\/#primaryimage"},"thumbnailUrl":"https:\/\/www.teoresigroup.com\/wp-content\/uploads\/2022\/12\/news-img-mondial-pov.png","datePublished":"2022-12-14T13:54:00+00:00","dateModified":"2022-12-14T13:54:01+00:00","description":"Discover all you need to know about Mondial de l\u2019Auto di Parigi: cosa ci portiamo a casa? I 4 punti di vista di chi c\u2019era on Teoresi Group - Teoresi Group is high profile engineering. It offers an innovative approach in close synergy with the Research and Development departments of the main industrial players.","breadcrumb":{"@id":"https:\/\/www.teoresigroup.com\/it\/news\/mondial-de-lauto-di-parigi-cosa-ci-portiamo-a-casa-i-4-punti-di-vista-di-chi-cera\/#breadcrumb"},"inLanguage":"it-IT","potentialAction":[{"@type":"ReadAction","target":["https:\/\/www.teoresigroup.com\/it\/news\/mondial-de-lauto-di-parigi-cosa-ci-portiamo-a-casa-i-4-punti-di-vista-di-chi-cera\/"]}]},{"@type":"ImageObject","inLanguage":"it-IT","@id":"https:\/\/www.teoresigroup.com\/it\/news\/mondial-de-lauto-di-parigi-cosa-ci-portiamo-a-casa-i-4-punti-di-vista-di-chi-cera\/#primaryimage","url":"https:\/\/www.teoresigroup.com\/wp-content\/uploads\/2022\/12\/news-img-mondial-pov.png","contentUrl":"https:\/\/www.teoresigroup.com\/wp-content\/uploads\/2022\/12\/news-img-mondial-pov.png","width":1009,"height":757,"caption":"Il Mondial de l\u2019Auto di Parigi racconta il futuro della mobilit\u00e0 attraverso design e innovazione"},{"@type":"BreadcrumbList","@id":"https:\/\/www.teoresigroup.com\/it\/news\/mondial-de-lauto-di-parigi-cosa-ci-portiamo-a-casa-i-4-punti-di-vista-di-chi-cera\/#breadcrumb","itemListElement":[{"@type":"ListItem","position":1,"name":"","item":"https:\/\/www.teoresigroup.com\/it\/"},{"@type":"ListItem","position":2,"name":"Mondial de l\u2019Auto di Parigi: cosa ci portiamo a casa? I 4 punti di vista di chi c\u2019era"}]},{"@type":"WebSite","@id":"https:\/\/www.teoresigroup.com\/it\/#website","url":"https:\/\/www.teoresigroup.com\/it\/","name":"Teoresi Group","description":"Engineering for Human life.","publisher":{"@id":"https:\/\/www.teoresigroup.com\/it\/#organization"},"potentialAction":[{"@type":"SearchAction","target":{"@type":"EntryPoint","urlTemplate":"https:\/\/www.teoresigroup.com\/it\/?s={search_term_string}"},"query-input":{"@type":"PropertyValueSpecification","valueRequired":true,"valueName":"search_term_string"}}],"inLanguage":"it-IT"},{"@type":"Organization","@id":"https:\/\/www.teoresigroup.com\/it\/#organization","name":"Teoresi Group","url":"https:\/\/www.teoresigroup.com\/it\/","logo":{"@type":"ImageObject","inLanguage":"it-IT","@id":"https:\/\/www.teoresigroup.com\/it\/#\/schema\/logo\/image\/","url":"https:\/\/www.teoresigroup.com\/wp-content\/uploads\/2020\/12\/teoresi-logo-color.svg","contentUrl":"https:\/\/www.teoresigroup.com\/wp-content\/uploads\/2020\/12\/teoresi-logo-color.svg","width":1,"height":1,"caption":"Teoresi Group"},"image":{"@id":"https:\/\/www.teoresigroup.com\/it\/#\/schema\/logo\/image\/"},"sameAs":["https:\/\/www.facebook.com\/pages\/Gruppo-Teoresi\/118393464917205","https:\/\/www.instagram.com\/teoresigroup\/","https:\/\/www.linkedin.com\/company\/teoresigroup\/","https:\/\/www.youtube.com\/channel\/UCNdBBSSax2EWPmFk5QzYP8Q"]},{"@type":"Person","@id":"https:\/\/www.teoresigroup.com\/it\/#\/schema\/person\/d02e84d91474d973810e724750035347","name":"Lucia Bergero","image":{"@type":"ImageObject","inLanguage":"it-IT","@id":"https:\/\/secure.gravatar.com\/avatar\/ac9dd5e9133ed5b085bce7c40fae62a8ce4925143d362691daef14ca71e6191f?s=96&d=mm&r=g","url":"https:\/\/secure.gravatar.com\/avatar\/ac9dd5e9133ed5b085bce7c40fae62a8ce4925143d362691daef14ca71e6191f?s=96&d=mm&r=g","contentUrl":"https:\/\/secure.gravatar.com\/avatar\/ac9dd5e9133ed5b085bce7c40fae62a8ce4925143d362691daef14ca71e6191f?s=96&d=mm&r=g","caption":"Lucia Bergero"},"sameAs":["http:\/\/www.teoresigroup.com"]}]}},"acf":[],"_links":{"self":[{"href":"https:\/\/www.teoresigroup.com\/it\/wp-json\/wp\/v2\/posts\/21679","targetHints":{"allow":["GET"]}}],"collection":[{"href":"https:\/\/www.teoresigroup.com\/it\/wp-json\/wp\/v2\/posts"}],"about":[{"href":"https:\/\/www.teoresigroup.com\/it\/wp-json\/wp\/v2\/types\/post"}],"author":[{"embeddable":true,"href":"https:\/\/www.teoresigroup.com\/it\/wp-json\/wp\/v2\/users\/8"}],"replies":[{"embeddable":true,"href":"https:\/\/www.teoresigroup.com\/it\/wp-json\/wp\/v2\/comments?post=21679"}],"version-history":[{"count":6,"href":"https:\/\/www.teoresigroup.com\/it\/wp-json\/wp\/v2\/posts\/21679\/revisions"}],"predecessor-version":[{"id":21703,"href":"https:\/\/www.teoresigroup.com\/it\/wp-json\/wp\/v2\/posts\/21679\/revisions\/21703"}],"wp:featuredmedia":[{"embeddable":true,"href":"https:\/\/www.teoresigroup.com\/it\/wp-json\/wp\/v2\/media\/21683"}],"wp:attachment":[{"href":"https:\/\/www.teoresigroup.com\/it\/wp-json\/wp\/v2\/media?parent=21679"}],"wp:term":[{"taxonomy":"category","embeddable":true,"href":"https:\/\/www.teoresigroup.com\/it\/wp-json\/wp\/v2\/categories?post=21679"},{"taxonomy":"post_tag","embeddable":true,"href":"https:\/\/www.teoresigroup.com\/it\/wp-json\/wp\/v2\/tags?post=21679"}],"curies":[{"name":"wp","href":"https:\/\/api.w.org\/{rel}","templated":true}]}}